{"id":437,"date":"2016-01-20T15:58:06","date_gmt":"2016-01-20T15:58:06","guid":{"rendered":"http:\/\/www.thebimshop.es\/noticias\/?p=437"},"modified":"2016-01-20T17:37:36","modified_gmt":"2016-01-20T17:37:36","slug":"the-bim-awakens-eubim-2016","status":"publish","type":"post","link":"http:\/\/www.thebimshop.es\/noticias\/the-bim-awakens-eubim-2016\/","title":{"rendered":"Comienza EUBIM 2016"},"content":{"rendered":"<p><strong>THE BIM AWAKENS<\/strong> es el lema escogido este a\u00f1o para EUBIM 2016. Este a\u00f1o como en anteriores hay gran variedad de Temas y subtemas dentro del mundo BIM.\u00a0Si le interesa conocer m\u00e1s detalles sobre el\u00a0<strong> <a href=\"http:\/\/www.eubim.com\" target=\"_blank\">Congreso Internacional BIM EUBIM-2016 haga click aqu\u00ed en www.eubim.com<\/a><\/strong><\/p>\n<h3 class=\"rojo\">Comienza la aceptaci\u00f3n De ABSTRACT V\u00eda Web: <span class=\"bu2\"><strong>\/ <\/strong><\/span><span class=\"Estilo1\"><strong>iniciado el proceso<\/strong> hasta el 15 de febrero 2016<\/span><\/h3>\n<p>&nbsp;<\/p>\n<h2><span class=\"rojo\">1. BIM en la Universidad<\/span><\/h2>\n<p><span class=\"bu\">Creemos que la Universidad debe ser un agente de cambio fundamental en la divulgaci\u00f3n,\u00a0formaci\u00f3n e investigaci\u00f3n de nuevas metodolog\u00edas de gesti\u00f3n de proyectos de construcci\u00f3n.\u00a0Los futuros profesionales del sector deber\u00edan finalizar sus estudios con un nivel competencial\u00a0suficiente tanto en el conocimiento de estas metodolog\u00edas como en el dominio de sus\u00a0herramientas de aplicaci\u00f3n. Del mismo modo, el fomento y obtenci\u00f3n de resultados de\u00a0investigaci\u00f3n sobre este campo lo consideramos fundamental para la necesaria evoluci\u00f3n de\u00a0nuestro sector productivo.<\/span><\/p>\n<blockquote>\n<p class=\"bu\"><strong>1.1 Investigaci\u00f3n\u00a0<\/strong><\/p>\n<p class=\"bu\">Comunicaciones originales resultantes de un trabajo de investigaci\u00f3n (ya finalizado\u00a0o en progreso) centrado en BIM o donde la metodolog\u00eda BIM juega un papel\u00a0fundamental en la investigaci\u00f3n.<\/p>\n<p class=\"bu\">En este campo est\u00e1n invitados a presentar comunicaciones autores de tesis doctorales,\u00a0trabajos final de m\u00e1ster, proyectos final de grado y grupos de investigaci\u00f3n o\u00a0investigadores a t\u00edtulo individual o colectivo.<\/p>\n<p class=\"bu\"><strong>1.2 Formaci\u00f3n\u00a0<\/strong><\/p>\n<p class=\"bu\">Comunicaciones originales resultantes de la experiencia real de programar\u00a0e implementar en el curr\u00edculo de asignaturas regladas de grado y postgrado\u00a0herramientas BIM: objetivos, posibilidades e inconvenientes, metodolog\u00eda formativa,\u00a0trayectoria, resultados, futuro.<\/p>\n<p class=\"bu\">Comunicaciones originales resultantes de la experiencia real de programar e\u00a0implementar el aprendizaje de herramientas BIM en formaci\u00f3n continua, tanto en\u00a0cursos espec\u00edficos como seminarios de naturaleza acad\u00e9mica y t\u00e9cnica: objetivos,\u00a0posibilidades e inconvenientes, metodolog\u00eda formativa, trayectoria, resultados, futuro.<\/p>\n<p class=\"bu\">En este campo est\u00e1n invitados a presentar comunicaciones tanto el profesorado\u00a0universitario como formadores BIM fuera del \u00e1mbito universitario que deseen\u00a0presentar su experiencia docente espec\u00edfica en la formaci\u00f3n y el proceso\u00a0aprendizaje ense\u00f1anza de herramientas BIM.<\/p>\n<p class=\"bu\"><strong>1.3 Empleabilidad\u00a0<\/strong><\/p>\n<p class=\"bu\">Las salidas profesionales y las nuevas profesiones creadas como consecuencia del\u00a0empleo de la metodolog\u00eda BIM en la gesti\u00f3n de proyectos de construcci\u00f3n.<\/p>\n<p class=\"bu\">Nos gustar\u00eda recibir comunicaciones originales sobre las expectativas de empleabilidad\u00a0que puede tener el dominio de la metodolog\u00eda BIM, los requisitos de formaci\u00f3n y\u00a0capacidades que solicitan los empleadores y casos reales de profesionales que han\u00a0encontrado empleo gracias a sus conocimientos en BIM: localizaci\u00f3n de la oferta\u00a0de empleo, requisitos solicitados, demostraci\u00f3n de competencias y capacidades del\u00a0aspirante durante el proceso de selecci\u00f3n, etc.<span class=\"bu\"><br \/>\n<\/span><span class=\"bu\"><br \/>\n<\/span><\/p>\n<\/blockquote>\n<hr \/>\n<h2 class=\"bu\"><span class=\"bu\"><br \/>\n<\/span><br \/>\n<span class=\"rojo\">2. Dise\u00f1o y construcci\u00f3n con BIM<\/span><\/h2>\n<p class=\"bu\">Evoluci\u00f3n de la edificaci\u00f3n y construcci\u00f3n, costes y presupuestos con el dise\u00f1o en BIM. Algunos de estos aspectos se pueden gestionar con programas BIM, para optimizar los costes y el funcionamiento tanto de los inmuebles como de los servicios.<\/p>\n<p>Las comunicaciones pueden incidir en c\u00f3mo el BIM puede influir en los procesos de:<\/p>\n<blockquote><p><span class=\"bu\"><strong>2.1 Costes, mediciones y presupuestos<\/strong><\/span><\/p>\n<p class=\"bu\">En el \u00e1mbito del dise\u00f1o y construcci\u00f3n con BIM destacamos los procesos de costes, mediciones y presupuestos.<\/p>\n<p><span class=\"bu\"><strong>2.2 Gesti\u00f3n de las TI<\/strong><\/span><\/p>\n<p>El uso del BIM para el mantenimiento de las infraestructuras tecnol\u00f3gicas y gesti\u00f3n de su informaci\u00f3n incluida su relaci\u00f3n con otros elementos del edificio estructurales o no.<\/p>\n<p><strong>2.3 Gesti\u00f3n de los espacios<\/strong><\/p>\n<p>Ejemplo de ello es la necesidad actual de crear completos cat\u00e1logos que permitan a los usuarios disponer de todos los servicios que pueden ser ofrecidos y soportados por la infraestructura, como la reserva de salas, petici\u00f3n de catering, gesti\u00f3n de plazas de aparcamiento, petici\u00f3n de mudanzas y traslados, gesti\u00f3n de llaves, gesti\u00f3n de visitas y un largo etc\u00e9tera que var\u00eda seg\u00fan las posibilidades de cada organizaci\u00f3n.<\/p>\n<p><strong>2.4 El mantenimiento de los activos, mantenimiento preventivo y correctivo<\/strong><\/p>\n<p>Para planes de mantenimiento operativo (tareas que permiten mantener un activo funcionando y en un estado \u00f3ptimo) o mantenimiento basado en el estado (y no de una periodicidad arbitraria) que permiten alargar los ciclos de vida de los activos, disminuyendo el n\u00famero y la gravedad de incidencias, y a la larga, reducir los costes derivados de ellos.<\/p>\n<p><span class=\"bu\"><strong>2.5 Nubes de puntos y Fotogrametr\u00eda en BIM<\/strong><\/span><\/p>\n<p>Escaneado y reproducci\u00f3n de espacios mediante nubes de puntos a aplicaciones BIM y su relaci\u00f3n con el Facility Management.<\/p>\n<p><span class=\"bu\"><strong>2.6 Facility Management<\/strong><\/span><\/p>\n<p>Escaneado y reproducci\u00f3n de espacios mediante tecnolog\u00eda de nubes de puntos o fotogrametr\u00eda as\u00ed como sus aplicaciones BIM y su relaci\u00f3n con el Facility Management.<\/p>\n<p class=\"bu\"><strong>2.7 Metodolog\u00edas BIM al servicio del FM<\/strong><\/p>\n<p>Como el uso del BIM se convierte en una ventaja estrat\u00e9gica para la empresa de Facility Management.<\/p>\n<p class=\"bu\"><strong>2.8 Propiedad y Legalidad en BIM<\/strong><\/p>\n<p class=\"bu\">Aspectos legales y de Propiedad\u00a0Industrial e\u00a0Intelectual dentro de BIM.<\/p>\n<p class=\"bu\"><strong>2.9 Conexi\u00f3n de programas BIM con bases de datos y BMS<\/strong><\/p>\n<p class=\"bu\">Posibilidades de conexi\u00f3n y beneficios pr\u00e1cticos que ofrece el uso del software BIM junto con diferentes bases de datos y por otra parte con building management systems o sistemas de gesti\u00f3n de edificaciones, dom\u00f3tica y automatizaci\u00f3n integral de inmuebles con alta tecnolog\u00eda basado en software y hardware de supervisi\u00f3n y control instalado en edificios.<\/p>\n<p class=\"bu\"><strong>2.10 El papel del BIM en las \u00a0smart cities<\/strong><\/p>\n<p class=\"bu\">Utilidades de la metodolog\u00eda BIM en las futuras Smart cities y el papel que puede desempe\u00f1ar o c\u00f3mo puede contribuir a conseguir ciudades s\u00faper-eficientes y sostenibles. Todo ello desde el punto de vista de c\u00f3mo puede contribuir el BIM a una \u00a0supervisi\u00f3n optimizada del espacio de la ciudad, a la relaci\u00f3n interactiva y m\u00f3vil entre sus habitantes o el desarrollo y promoci\u00f3n de nuevas formas de cooperaci\u00f3n entre otros.<\/p>\n<p class=\"bu\"><strong>2.11 Normalizaci\u00f3n.<\/strong><\/p>\n<p class=\"bu\">Cualquier estudio o reflexi\u00f3n sobre aspectos o elementos que deban ser considerados en el desarrollo de los est\u00e1ndares para una implantaci\u00f3n del BIM a nivel nacional. Como propuestas de est\u00e1ndares, formatos de intercambio, propuesta de documentos, opciones de digitalizaci\u00f3n, roles y perfiles profesionales, certificaciones, etc\u2026<\/p>\n<p class=\"bu\"><strong>2.12 Programaci\u00f3n Visual y Desarrollo de aplicaciones v\u00eda API<\/strong><\/p>\n<p class=\"bu\">Estudios y aplicaciones de programaci\u00f3n visual o desarrollo de aplicaciones via API en cualquier plataforma y con cualquier herramienta para BIM que facilite la manipulaci\u00f3n de datos, el modelado de geometr\u00edas est\u00e1ndar o complejas, explorar opciones de dise\u00f1o, automatizar procesos, y crear v\u00ednculos entre m\u00faltiples aplicaciones.<\/p>\n<p class=\"bu\">\n<\/blockquote>\n<hr \/>\n<p>&nbsp;<\/p>\n<h3 class=\"bu\"><span class=\"rojo\">3. Experiencias reales con BIM<\/span><\/h3>\n<p class=\"bu\">Experiencias reales tras la utilizaci\u00f3n de BIM como metodolog\u00eda de trabajo, control de la informaci\u00f3n generada en relaci\u00f3n a una construcci\u00f3n, durante todo su ciclo de vida. El uso del BIM va asociado a grandes cambios y por lo tanto se suele encontrar resistencia al mismo, y no siempre termina con el final deseado si no se realiza adecuadamente.<\/p>\n<p>Este ser\u00eda el tema m\u00e1s pr\u00e1ctico del congreso y estamos interesados en informaci\u00f3n sobre:<\/p>\n<blockquote>\n<p class=\"bu\"><strong>3.1 Experiencias reales\u00a0<\/strong><\/p>\n<p>Testimonios de empresas locales que hayan implementado el BIM como metodolog\u00eda de trabajo, incluyendo la descripci\u00f3n del proceso que les ha posibilitado la adopci\u00f3n de esta nueva metodolog\u00eda, los problemas que han tenido que superar y los resultados obtenidos.<\/p>\n<p><strong>3.2 Casos de \u00e9xito\u00a0<\/strong><\/p>\n<p>Redundando sobre el apartado anterior, buscamos informaci\u00f3n sobre los beneficios obtenidos como consecuencia de esta implementaci\u00f3n, sobre todo en el terreno las nuevas oportunidades de negocio aportadas a la empresa como conciencia de la adopci\u00f3n de la metodolog\u00eda BIM como procedimiento de trabajo.<\/p>\n<p class=\"bu\"><strong>3.3 Coordinaci\u00f3n\u00a0entre diferentes agentes del proceso constructivo\u00a0<\/strong><\/p>\n<p class=\"bu\">Soluciones de coordinaci\u00f3n entre los diferentes agentes que intervienen en el proceso\u00a0constructivo en nuestro pa\u00eds.<\/p>\n<p class=\"bu\"><strong>3.4 Procesos<\/strong><\/p>\n<p class=\"bu\">Nuevos procesos tras la utilizaci\u00f3n de BIM como metodolog\u00eda de trabajo en una empresa.<\/p>\n<p class=\"bu\"><strong>3.5 Adaptaci\u00f3n de Flujos de Trabajo\u00a0<\/strong><\/p>\n<p class=\"bu\">Adaptaci\u00f3n de los flujos de trabajo existentes en una empresa a los nuevos requeridos\u00a0como consecuencia de la implementaci\u00f3n BIM.<\/p>\n<p class=\"bu\"><strong>3.6 Generaci\u00f3n de documentos de Construcci\u00f3n\u00a0<\/strong><\/p>\n<p class=\"bu\">Cambios en la documentaci\u00f3n de construcci\u00f3n generada como consecuencia de la\u00a0inclusi\u00f3n de nuevos m\u00e9todos de producci\u00f3n de la misma.<\/p>\n<\/blockquote>\n<div style=\"width: 510px\" class=\"wp-caption alignnone\"><img decoding=\"async\" src=\"http:\/\/www.eubim.com\/cartel2016.jpg\" alt=\"Cartel. Congreso Internacional BIM EUBIM-2016 www.eubim.com\" width=\"500\" \/><p class=\"wp-caption-text\">Cartel. Congreso Internacional BIM EUBIM-2016 www.eubim.com<\/p><\/div>\n","protected":false},"excerpt":{"rendered":"<p>THE BIM AWAKENS es el lema escogido este a\u00f1o para EUBIM 2016. Este a\u00f1o como en anteriores hay gran variedad de Temas y subtemas dentro del mundo BIM.\u00a0Si le interesa conocer m\u00e1s detalles sobre el\u00a0 Congreso Internacional BIM EUBIM-2016 haga click aqu\u00ed en www.eubim.com Comienza la aceptaci\u00f3n De ABSTRACT V\u00eda Web: \/ iniciado el proceso<br \/><a class=\"moretag\" href=\"http:\/\/www.thebimshop.es\/noticias\/the-bim-awakens-eubim-2016\/\">+ M\u00e1s informaci\u00f3n<\/a><\/p>\n","protected":false},"author":1,"featured_media":0,"comment_status":"closed","ping_status":"open","sticky":false,"template":"","format":"standard","meta":[],"categories":[4,12],"tags":[35,13,38],"yoast_head":"<!-- This site is optimized with the Yoast SEO plugin v19.13 - https:\/\/yoast.com\/wordpress\/plugins\/seo\/ -->\n<title>Comienza EUBIM 2016 - Noticias | BIM<\/title>\n<meta name=\"robots\" content=\"index, follow, max-snippet:-1, max-image-preview:large, max-video-preview:-1\" \/>\n<link rel=\"canonical\" href=\"http:\/\/www.thebimshop.es\/noticias\/the-bim-awakens-eubim-2016\/\" \/>\n<meta property=\"og:locale\" content=\"es_ES\" \/>\n<meta property=\"og:type\" content=\"article\" \/>\n<meta property=\"og:title\" content=\"Comienza EUBIM 2016 - Noticias | BIM\" \/>\n<meta property=\"og:description\" content=\"THE BIM AWAKENS es el lema escogido este a\u00f1o para EUBIM 2016. Este a\u00f1o como en anteriores hay gran variedad de Temas y subtemas dentro del mundo BIM.\u00a0Si le interesa conocer m\u00e1s detalles sobre el\u00a0 Congreso Internacional BIM EUBIM-2016 haga click aqu\u00ed en www.eubim.com Comienza la aceptaci\u00f3n De ABSTRACT V\u00eda Web: \/ iniciado el proceso+ M\u00e1s informaci\u00f3n\" \/>\n<meta property=\"og:url\" content=\"http:\/\/www.thebimshop.es\/noticias\/the-bim-awakens-eubim-2016\/\" \/>\n<meta property=\"og:site_name\" content=\"Noticias | BIM\" \/>\n<meta property=\"article:publisher\" content=\"https:\/\/www.facebook.com\/TheBIMshop-La-Tienda-del-BIM-410552998958957\/\" \/>\n<meta property=\"article:published_time\" content=\"2016-01-20T15:58:06+00:00\" \/>\n<meta property=\"article:modified_time\" content=\"2016-01-20T17:37:36+00:00\" \/>\n<meta property=\"og:image\" content=\"http:\/\/www.eubim.com\/cartel2016.jpg\" \/>\n<meta name=\"author\" content=\"admin\" \/>\n<meta name=\"twitter:card\" content=\"summary_large_image\" \/>\n<meta name=\"twitter:creator\" content=\"@thebimshop\" \/>\n<meta name=\"twitter:site\" content=\"@thebimshop\" \/>\n<meta name=\"twitter:label1\" content=\"Escrito por\" \/>\n\t<meta name=\"twitter:data1\" content=\"admin\" \/>\n\t<meta name=\"twitter:label2\" content=\"Tiempo de lectura\" \/>\n\t<meta name=\"twitter:data2\" content=\"7 minutos\" \/>\n<script type=\"application\/ld+json\" class=\"yoast-schema-graph\">{\"@context\":\"https:\/\/schema.org\",\"@graph\":[{\"@type\":\"Article\",\"@id\":\"http:\/\/www.thebimshop.es\/noticias\/the-bim-awakens-eubim-2016\/#article\",\"isPartOf\":{\"@id\":\"http:\/\/www.thebimshop.es\/noticias\/the-bim-awakens-eubim-2016\/\"},\"author\":{\"name\":\"admin\",\"@id\":\"http:\/\/www.thebimshop.es\/noticias\/#\/schema\/person\/1e2fc9ea716a0af4c1f1f888e6fd2e00\"},\"headline\":\"Comienza EUBIM 2016\",\"datePublished\":\"2016-01-20T15:58:06+00:00\",\"dateModified\":\"2016-01-20T17:37:36+00:00\",\"mainEntityOfPage\":{\"@id\":\"http:\/\/www.thebimshop.es\/noticias\/the-bim-awakens-eubim-2016\/\"},\"wordCount\":1398,\"publisher\":{\"@id\":\"http:\/\/www.thebimshop.es\/noticias\/#organization\"},\"keywords\":[\"BIM\",\"EUBIM\",\"THE BIM AWAKENS\"],\"articleSection\":[\"BIM\",\"Congreso BIM\"],\"inLanguage\":\"es\"},{\"@type\":\"WebPage\",\"@id\":\"http:\/\/www.thebimshop.es\/noticias\/the-bim-awakens-eubim-2016\/\",\"url\":\"http:\/\/www.thebimshop.es\/noticias\/the-bim-awakens-eubim-2016\/\",\"name\":\"Comienza EUBIM 2016 - Noticias | BIM\",\"isPartOf\":{\"@id\":\"http:\/\/www.thebimshop.es\/noticias\/#website\"},\"datePublished\":\"2016-01-20T15:58:06+00:00\",\"dateModified\":\"2016-01-20T17:37:36+00:00\",\"breadcrumb\":{\"@id\":\"http:\/\/www.thebimshop.es\/noticias\/the-bim-awakens-eubim-2016\/#breadcrumb\"},\"inLanguage\":\"es\",\"potentialAction\":[{\"@type\":\"ReadAction\",\"target\":[\"http:\/\/www.thebimshop.es\/noticias\/the-bim-awakens-eubim-2016\/\"]}]},{\"@type\":\"BreadcrumbList\",\"@id\":\"http:\/\/www.thebimshop.es\/noticias\/the-bim-awakens-eubim-2016\/#breadcrumb\",\"itemListElement\":[{\"@type\":\"ListItem\",\"position\":1,\"name\":\"Portada\",\"item\":\"http:\/\/www.thebimshop.es\/noticias\/\"},{\"@type\":\"ListItem\",\"position\":2,\"name\":\"Comienza EUBIM 2016\"}]},{\"@type\":\"WebSite\",\"@id\":\"http:\/\/www.thebimshop.es\/noticias\/#website\",\"url\":\"http:\/\/www.thebimshop.es\/noticias\/\",\"name\":\"Noticias | BIM\",\"description\":\"Noticias sobre BIM: Software, Libros, Cursos y Servicios BIM ~ La Tienda del BIM\",\"publisher\":{\"@id\":\"http:\/\/www.thebimshop.es\/noticias\/#organization\"},\"potentialAction\":[{\"@type\":\"SearchAction\",\"target\":{\"@type\":\"EntryPoint\",\"urlTemplate\":\"http:\/\/www.thebimshop.es\/noticias\/?s={search_term_string}\"},\"query-input\":\"required name=search_term_string\"}],\"inLanguage\":\"es\"},{\"@type\":\"Organization\",\"@id\":\"http:\/\/www.thebimshop.es\/noticias\/#organization\",\"name\":\"TheBIMshop\",\"url\":\"http:\/\/www.thebimshop.es\/noticias\/\",\"logo\":{\"@type\":\"ImageObject\",\"inLanguage\":\"es\",\"@id\":\"http:\/\/www.thebimshop.es\/noticias\/#\/schema\/logo\/image\/\",\"url\":\"http:\/\/www.thebimshop.es\/noticias\/wp-content\/uploads\/anunciosbim.gif\",\"contentUrl\":\"http:\/\/www.thebimshop.es\/noticias\/wp-content\/uploads\/anunciosbim.gif\",\"width\":\"362\",\"height\":\"94\",\"caption\":\"TheBIMshop\"},\"image\":{\"@id\":\"http:\/\/www.thebimshop.es\/noticias\/#\/schema\/logo\/image\/\"},\"sameAs\":[\"https:\/\/www.facebook.com\/TheBIMshop-La-Tienda-del-BIM-410552998958957\/\",\"https:\/\/twitter.com\/thebimshop\"]},{\"@type\":\"Person\",\"@id\":\"http:\/\/www.thebimshop.es\/noticias\/#\/schema\/person\/1e2fc9ea716a0af4c1f1f888e6fd2e00\",\"name\":\"admin\",\"image\":{\"@type\":\"ImageObject\",\"inLanguage\":\"es\",\"@id\":\"http:\/\/www.thebimshop.es\/noticias\/#\/schema\/person\/image\/\",\"url\":\"http:\/\/1.gravatar.com\/avatar\/11794e0f1237989ae91d60c072b90f99?s=96&d=mm&r=g\",\"contentUrl\":\"http:\/\/1.gravatar.com\/avatar\/11794e0f1237989ae91d60c072b90f99?s=96&d=mm&r=g\",\"caption\":\"admin\"},\"sameAs\":[\"http:\/\/www.thebimshop.es\"]}]}<\/script>\n<!-- \/ Yoast SEO plugin. -->","yoast_head_json":{"title":"Comienza EUBIM 2016 - Noticias | BIM","robots":{"index":"index","follow":"follow","max-snippet":"max-snippet:-1","max-image-preview":"max-image-preview:large","max-video-preview":"max-video-preview:-1"},"canonical":"http:\/\/www.thebimshop.es\/noticias\/the-bim-awakens-eubim-2016\/","og_locale":"es_ES","og_type":"article","og_title":"Comienza EUBIM 2016 - Noticias | BIM","og_description":"THE BIM AWAKENS es el lema escogido este a\u00f1o para EUBIM 2016. Este a\u00f1o como en anteriores hay gran variedad de Temas y subtemas dentro del mundo BIM.\u00a0Si le interesa conocer m\u00e1s detalles sobre el\u00a0 Congreso Internacional BIM EUBIM-2016 haga click aqu\u00ed en www.eubim.com Comienza la aceptaci\u00f3n De ABSTRACT V\u00eda Web: \/ iniciado el proceso+ M\u00e1s informaci\u00f3n","og_url":"http:\/\/www.thebimshop.es\/noticias\/the-bim-awakens-eubim-2016\/","og_site_name":"Noticias | BIM","article_publisher":"https:\/\/www.facebook.com\/TheBIMshop-La-Tienda-del-BIM-410552998958957\/","article_published_time":"2016-01-20T15:58:06+00:00","article_modified_time":"2016-01-20T17:37:36+00:00","og_image":[{"url":"http:\/\/www.eubim.com\/cartel2016.jpg"}],"author":"admin","twitter_card":"summary_large_image","twitter_creator":"@thebimshop","twitter_site":"@thebimshop","twitter_misc":{"Escrito por":"admin","Tiempo de lectura":"7 minutos"},"schema":{"@context":"https:\/\/schema.org","@graph":[{"@type":"Article","@id":"http:\/\/www.thebimshop.es\/noticias\/the-bim-awakens-eubim-2016\/#article","isPartOf":{"@id":"http:\/\/www.thebimshop.es\/noticias\/the-bim-awakens-eubim-2016\/"},"author":{"name":"admin","@id":"http:\/\/www.thebimshop.es\/noticias\/#\/schema\/person\/1e2fc9ea716a0af4c1f1f888e6fd2e00"},"headline":"Comienza EUBIM 2016","datePublished":"2016-01-20T15:58:06+00:00","dateModified":"2016-01-20T17:37:36+00:00","mainEntityOfPage":{"@id":"http:\/\/www.thebimshop.es\/noticias\/the-bim-awakens-eubim-2016\/"},"wordCount":1398,"publisher":{"@id":"http:\/\/www.thebimshop.es\/noticias\/#organization"},"keywords":["BIM","EUBIM","THE BIM AWAKENS"],"articleSection":["BIM","Congreso BIM"],"inLanguage":"es"},{"@type":"WebPage","@id":"http:\/\/www.thebimshop.es\/noticias\/the-bim-awakens-eubim-2016\/","url":"http:\/\/www.thebimshop.es\/noticias\/the-bim-awakens-eubim-2016\/","name":"Comienza EUBIM 2016 - Noticias | BIM","isPartOf":{"@id":"http:\/\/www.thebimshop.es\/noticias\/#website"},"datePublished":"2016-01-20T15:58:06+00:00","dateModified":"2016-01-20T17:37:36+00:00","breadcrumb":{"@id":"http:\/\/www.thebimshop.es\/noticias\/the-bim-awakens-eubim-2016\/#breadcrumb"},"inLanguage":"es","potentialAction":[{"@type":"ReadAction","target":["http:\/\/www.thebimshop.es\/noticias\/the-bim-awakens-eubim-2016\/"]}]},{"@type":"BreadcrumbList","@id":"http:\/\/www.thebimshop.es\/noticias\/the-bim-awakens-eubim-2016\/#breadcrumb","itemListElement":[{"@type":"ListItem","position":1,"name":"Portada","item":"http:\/\/www.thebimshop.es\/noticias\/"},{"@type":"ListItem","position":2,"name":"Comienza EUBIM 2016"}]},{"@type":"WebSite","@id":"http:\/\/www.thebimshop.es\/noticias\/#website","url":"http:\/\/www.thebimshop.es\/noticias\/","name":"Noticias | BIM","description":"Noticias sobre BIM: Software, Libros, Cursos y Servicios BIM ~ La Tienda del BIM","publisher":{"@id":"http:\/\/www.thebimshop.es\/noticias\/#organization"},"potentialAction":[{"@type":"SearchAction","target":{"@type":"EntryPoint","urlTemplate":"http:\/\/www.thebimshop.es\/noticias\/?s={search_term_string}"},"query-input":"required name=search_term_string"}],"inLanguage":"es"},{"@type":"Organization","@id":"http:\/\/www.thebimshop.es\/noticias\/#organization","name":"TheBIMshop","url":"http:\/\/www.thebimshop.es\/noticias\/","logo":{"@type":"ImageObject","inLanguage":"es","@id":"http:\/\/www.thebimshop.es\/noticias\/#\/schema\/logo\/image\/","url":"http:\/\/www.thebimshop.es\/noticias\/wp-content\/uploads\/anunciosbim.gif","contentUrl":"http:\/\/www.thebimshop.es\/noticias\/wp-content\/uploads\/anunciosbim.gif","width":"362","height":"94","caption":"TheBIMshop"},"image":{"@id":"http:\/\/www.thebimshop.es\/noticias\/#\/schema\/logo\/image\/"},"sameAs":["https:\/\/www.facebook.com\/TheBIMshop-La-Tienda-del-BIM-410552998958957\/","https:\/\/twitter.com\/thebimshop"]},{"@type":"Person","@id":"http:\/\/www.thebimshop.es\/noticias\/#\/schema\/person\/1e2fc9ea716a0af4c1f1f888e6fd2e00","name":"admin","image":{"@type":"ImageObject","inLanguage":"es","@id":"http:\/\/www.thebimshop.es\/noticias\/#\/schema\/person\/image\/","url":"http:\/\/1.gravatar.com\/avatar\/11794e0f1237989ae91d60c072b90f99?s=96&d=mm&r=g","contentUrl":"http:\/\/1.gravatar.com\/avatar\/11794e0f1237989ae91d60c072b90f99?s=96&d=mm&r=g","caption":"admin"},"sameAs":["http:\/\/www.thebimshop.es"]}]}},"_links":{"self":[{"href":"http:\/\/www.thebimshop.es\/noticias\/wp-json\/wp\/v2\/posts\/437"}],"collection":[{"href":"http:\/\/www.thebimshop.es\/noticias\/wp-json\/wp\/v2\/posts"}],"about":[{"href":"http:\/\/www.thebimshop.es\/noticias\/wp-json\/wp\/v2\/types\/post"}],"author":[{"embeddable":true,"href":"http:\/\/www.thebimshop.es\/noticias\/wp-json\/wp\/v2\/users\/1"}],"replies":[{"embeddable":true,"href":"http:\/\/www.thebimshop.es\/noticias\/wp-json\/wp\/v2\/comments?post=437"}],"version-history":[{"count":4,"href":"http:\/\/www.thebimshop.es\/noticias\/wp-json\/wp\/v2\/posts\/437\/revisions"}],"predecessor-version":[{"id":441,"href":"http:\/\/www.thebimshop.es\/noticias\/wp-json\/wp\/v2\/posts\/437\/revisions\/441"}],"wp:attachment":[{"href":"http:\/\/www.thebimshop.es\/noticias\/wp-json\/wp\/v2\/media?parent=437"}],"wp:term":[{"taxonomy":"category","embeddable":true,"href":"http:\/\/www.thebimshop.es\/noticias\/wp-json\/wp\/v2\/categories?post=437"},{"taxonomy":"post_tag","embeddable":true,"href":"http:\/\/www.thebimshop.es\/noticias\/wp-json\/wp\/v2\/tags?post=437"}],"curies":[{"name":"wp","href":"https:\/\/api.w.org\/{rel}","templated":true}]}}